{"id":4336,"global_id":"www.gitim.eu\/it?id=4336","global_id_lineage":["www.gitim.eu\/it?id=4336"],"author":"7","status":"publish","date":"2023-05-28 17:54:04","date_utc":"2023-05-28 15:54:04","modified":"2023-05-28 17:54:04","modified_utc":"2023-05-28 15:54:04","url":"https:\/\/www.gitim.eu\/it\/eventi\/depressione-e-immaginario","rest_url":"https:\/\/www.gitim.eu\/it\/wp-json\/tribe\/events\/v1\/events\/4336","title":"Depressione e immaginario","description":"<p><strong>Introduzione<\/strong><\/p>\n<p>Riproponiamo in questo incontro il tema della depressione sia perch\u00e9, come ampiamente noto, la depressione nelle sue varie sfaccettature \u00e8 considerata la patologia pi\u00f9 diffusa del nostro tempo e della nostra societ\u00e0, sia per l\u2019incidenza che l\u2019emergenza attuale ha avuto sullo stato psichico delle persone.<\/p>\n<p>Si inizier\u00e0 dunque da una visione complessiva delle tematiche depressive, con l\u2019intervento di due psichiatri che potranno fornirci un quadro non solo teorico ma anche clinico, relativo alla loro diretta e ampia esperienza. Il dottor De Rossi ci dar\u00e0 un inquadramento generale e lo stato dell\u2019arte sulla depressione, mentre il dottor Meneghetti ci porter\u00e0 una visione fenomenologica del vissuto depressivo.<\/p>\n<p>Si proceder\u00e0 quindi ad un incontro con la Tecnica Immaginativa ITP di Leopoldo Rigo, cui fa riferimento la Scuola di Psicoterapia del GITIM (Gruppo Italiano Tecniche di Imagerie Mentale), in cui si cercher\u00e0 di evidenziare l\u2019apporto che questa Tecnica pu\u00f2 dare alla tematica depressiva e alla sua elaborazione. Partendo dall\u2019esperienza diretta di casi che presentano diverse forme depressive, si cercher\u00e0 di evidenziare gli aspetti concettuali e tecnici dell\u2019intervento terapeutico che utilizza in un definito contesto le Immagini Mentali.<\/p>\n<p>Gli interventi faranno quindi diretto riferimento alla produzione immaginativa, alle realizzazioni grafiche e soprattutto alle immagini mentali prodotte nel contesto della seduta, espressione dell\u2019Immaginario connesso alla Depressione. Vedremo come Il Soggetto proietta nelle Visualizzazioni il suo vissuto depressivo e le dinamiche relative, alla presenza del terapeuta, per la trasformazione ed elaborazione del suo stato emotivo e del suo \u201cmondo interno\u201d.<\/p>\n<p><strong>\u00a0<\/strong><\/p>\n<p><strong>Programma<\/strong><\/p>\n<p>9.00 \u2013 Inizio dei lavori<\/p>\n<p>9.15 \u2013 9.45 \u2013 Dr. Moreno De Rossi \u2013 Psichiatra, Direttore del Dipartimento di Salute Mentale Azienda Ulss 3 Serenissima<\/p>\n<p><em>Depressione: che cosa sappiamo? Sintomi, cure, decorso di un male diffuso<\/em><\/p>\n<p>9.45 \u2013 10.15 \u2013 Dr. Leonardo Meneghetti \u2013 Psichiatra, Direttore del Dipartimento di Salute Mentale Azienda Ulss 2 Marca Trevigiana<\/p>\n<p><em>Annotazioni fenomenologiche sul vissuto depressivo<\/em><\/p>\n<p>10.15 \u2013 10.45 \u2013 Dott.ssa Ivana Zanetti \u2013 Psicoterapeuta ITP, Presidente GITIM<\/p>\n<p><em>Il S\u00e9 depressivo e l\u2019intervento con la Tecnica<\/em> <em>Immaginativa ITP\u00a0\u00a0\u00a0\u00a0\u00a0\u00a0 <\/em><\/p>\n<p>10.45 \u2013 11.00 \u2013 Pausa<\/p>\n<p>11.00 \u2013 11.30 \u2013 Dott. Silvano Secco \u2013 Psicoterapeuta ITP<\/p>\n<p><em>Il contributo dell\u2019ITP nella clinica e nella cura delle depressioni: il caso clinico<\/em><\/p>\n<p>11.30 \u2013 12.00 \u2013 Dott.ssa Erica Schiavon \u2013 Psicoterapeuta ITP<\/p>\n<p><em>Il vissuto depressivo nell\u2019Immaginario: un caso clinico<\/em><\/p>\n<p>12.00 \u2013 12.15 \u2013 Dott. Gabriele Zanola \u2013 Medico Psicoterapeuta<\/p>\n<p><em>Appunti di esperienze con pazienti depressi: terapia farmacologica e psicoterapia\u00a0\u00a0\u00a0\u00a0\u00a0\u00a0 <\/em><\/p>\n<p>12.15 \u2013 13.00 \u2013 Dibattito e conclusione<\/p>\n<p><a href=\"https:\/\/www.gitim.it\/\"><strong>www.gitim.it<\/strong><\/a><strong>\u00a0\u00a0\u00a0\u00a0\u00a0 e-mail <\/strong><a href=\"mailto:info@gitim.it\"><strong>info@gitim.it<\/strong><\/a><strong>\u00a0 \u00a0 \u00a0 \u00a0<\/strong><\/p>\n<p><strong>informazioni: 338 7811259 \u2013 347 0743649<\/strong><\/p>","excerpt":"","slug":"depressione-e-immaginario","image":false,"all_day":true,"start_date":"2021-11-13 00:00:00","start_date_details":{"year":"2021","month":"11","day":"13","hour":"00","minutes":"00","seconds":"00"},"end_date":"2021-11-13 23:59:59","end_date_details":{"year":"2021","month":"11","day":"13","hour":"23","minutes":"59","seconds":"59"},"utc_start_date":"2021-11-12 23:00:00","utc_start_date_details":{"year":"2021","month":"11","day":"12","hour":"23","minutes":"00","seconds":"00"},"utc_end_date":"2021-11-13 22:59:59","utc_end_date_details":{"year":"2021","month":"11","day":"13","hour":"22","minutes":"59","seconds":"59"},"timezone":"Europe\/Rome","timezone_abbr":"CET","cost":"","cost_details":{"currency_symbol":"","currency_position":"suffix","values":[]},"website":"","show_map":false,"show_map_link":false,"hide_from_listings":false,"sticky":false,"featured":false,"categories":[],"tags":[],"venue":[],"organizer":[],"json_ld":{"@context":"http:\/\/schema.org","@type":"Event","name":"Depressione e immaginario","description":"&lt;p&gt;Introduzione Riproponiamo in questo incontro il tema della depressione sia perch\u00e9, come ampiamente noto, la depressione nelle sue varie sfaccettature \u00e8 considerata la patologia pi\u00f9 diffusa del nostro tempo e della nostra societ\u00e0, sia per l\u2019incidenza che l\u2019emergenza attuale ha avuto sullo stato psichico delle persone. Si inizier\u00e0 dunque da [&hellip;]&lt;\/p&gt;\\n","url":"https:\/\/www.gitim.eu\/it\/eventi\/depressione-e-immaginario\/","startDate":"2021-11-13T00:00:00+01:00","endDate":"2021-11-13T23:59:59+01:00","performer":"Organization"}}