{"id":2037,"date":"2019-09-06T00:10:13","date_gmt":"2019-09-05T22:10:13","guid":{"rendered":"https:\/\/gitim.eu\/it\/?p=2037"},"modified":"2019-09-06T00:20:18","modified_gmt":"2019-09-05T22:20:18","slug":"corpo-docente-2","status":"publish","type":"post","link":"https:\/\/www.gitim.eu\/it\/corpo-docente-2.html","title":{"rendered":"Il Gitim"},"content":{"rendered":"<p><div class=\"fusion-fullwidth fullwidth-box fusion-builder-row-1 nonhundred-percent-fullwidth non-hundred-percent-height-scrolling\" style=\"--awb-background-position:left top;--awb-border-radius-top-left:0px;--awb-border-radius-top-right:0px;--awb-border-radius-bottom-right:0px;--awb-border-radius-bottom-left:0px;--awb-padding-bottom:80px;--awb-border-sizes-top:0px;--awb-border-sizes-bottom:0px;\" ><div class=\"fusion-builder-row fusion-row\"><div class=\"fusion-layout-column fusion_builder_column fusion-builder-column-0 fusion_builder_column_2_3 2_3 fusion-two-third fusion-column-first\" style=\"--awb-bg-size:cover;--awb-margin-top:0px;--awb-margin-bottom:40px;width:66.666666666667%;width:calc(66.666666666667% - ( ( 5% ) * 0.66666666666667 ) );margin-right: 5%;\"><div class=\"fusion-column-wrapper fusion-flex-column-wrapper-legacy\"><div class=\"fusion-text fusion-text-1\"><h2>Il GITIM<\/h2>\n<p>Il GITIM \u00e8 una associazione senza scopo di lucro, costituita con Atto Notarile in Treviso il giorno 8 Luglio 1966 (con l\u2019iniziale denominazione di \u201cGruppo RED (R\u00eave \u00e9veill\u00e9 dirig\u00e9) e tecniche psicoterapiche e psicologiche derivate\u201d), con aggiornamenti successivi dello statuto il 24 Febbraio 1987, il 29 Dicembre 1994, il 22 Marzo 2001. La Scuola di Psicoterapia di cui \u00e8 stato ottenuto il riconoscimento \u00e8 emanazione del Gruppo GITIM di Treviso. Il GITIM (Gruppo Italiano per le Tecniche psicoterapiche di Imagerie Mentale) \u00e8 stata fondata da Leopoldo Rigo e ne diffonde la tecnica, denominata ITP (Tecnica Immaginativa di analisi e ristrutturazione del Profondo).<\/p>\n<p>La tecnica \u00e8 stata successivamnete definita ITP (Tecnica Immaginativa del Profondo). Al gruppo fondato da Rigo si aggregarono psichiatri, medici, psicologi e assistenti sociali, interessati ad acquisire le tecniche di Imagerie Mentale. La presidenza, del Gitim dopo la morte di Leopoldo Rigo (1983), \u00e8 stata ricoperta dalla Dottoressa Serenenella Uberto Rigo e, Dal 2001, \u00e8 presidente del Gitim la Dottoressa Ivana Zanetti.<\/p>\n<\/div><div class=\"fusion-sep-clear\"><\/div><div class=\"fusion-separator fusion-full-width-sep\" style=\"margin-left: auto;margin-right: auto;margin-top:5px;width:100%;\"><\/div><div class=\"fusion-sep-clear\"><\/div><div class=\"fusion-image-element fusion-image-align-center in-legacy-container\" style=\"text-align:center;--awb-caption-title-font-family:var(--h2_typography-font-family);--awb-caption-title-font-weight:var(--h2_typography-font-weight);--awb-caption-title-font-style:var(--h2_typography-font-style);--awb-caption-title-size:var(--h2_typography-font-size);--awb-caption-title-transform:var(--h2_typography-text-transform);--awb-caption-title-line-height:var(--h2_typography-line-height);--awb-caption-title-letter-spacing:var(--h2_typography-letter-spacing);\"><div class=\"imageframe-align-center\"><span class=\" fusion-imageframe imageframe-none imageframe-1 hover-type-zoomin\" class=\"image-scroll\"><a href=\"https:\/\/gitim.eu\/it\/wp-content\/uploads\/2016\/03\/news_single_post_header_2.jpg\" class=\"fusion-lightbox\" data-rel=\"iLightbox[fe2f382d0ae3d8a4a21]\" data-title=\"news_single_post_header_2\" title=\"news_single_post_header_2\"><img width=\"900\" height=\"500\" src=\"https:\/\/gitim.eu\/it\/wp-content\/uploads\/2016\/03\/news_single_post_header_2.jpg\" alt class=\"img-responsive wp-image-1510\"\/><\/a><\/span><\/div><\/div><div class=\"fusion-text fusion-text-2\"><h2>Il GITIM<\/h2>\n<p>Il GITIM \u00e8 una associazione senza scopo di lucro, costituita con Atto Notarile in Treviso il giorno 8 Luglio 1966 (con l\u2019iniziale denominazione di \u201cGruppo RED (R\u00eave \u00e9veill\u00e9 dirig\u00e9) e tecniche psicoterapiche e psicologiche derivate\u201d), con aggiornamenti successivi dello statuto il 24 Febbraio 1987, il 29 Dicembre 1994, il 22 Marzo 2001. La Scuola di Psicoterapia di cui \u00e8 stato ottenuto il riconoscimento \u00e8 emanazione del Gruppo GITIM di Treviso. Il GITIM (Gruppo Italiano per le Tecniche psicoterapiche di Imagerie Mentale) \u00e8 stata fondata da Leopoldo Rigo e ne diffonde la tecnica, denominata ITP (Tecnica Immaginativa di analisi e ristrutturazione del Profondo).<\/p>\n<p>La tecnica \u00e8 stata successivamnete definita ITP (Tecnica Immaginativa del Profondo). Al gruppo fondato da Rigo si aggregarono psichiatri, medici, psicologi e assistenti sociali, interessati ad acquisire le tecniche di Imagerie Mentale. La presidenza, del Gitim dopo la morte di Leopoldo Rigo (1983), \u00e8 stata ricoperta dalla Dottoressa Serenenella Uberto Rigo e, Dal 2001, \u00e8 presidente del Gitim la Dottoressa Ivana Zanetti.<\/p>\n<\/div><div class=\"fusion-text fusion-text-3\"><\/div><div class=\"fusion-sep-clear\"><\/div><div class=\"fusion-separator fusion-full-width-sep\" style=\"margin-left: auto;margin-right: auto;margin-top:5px;width:100%;\"><\/div><div class=\"fusion-sep-clear\"><\/div><div class=\"fusion-text fusion-text-4\"><p>[bws_pdfprint display=&#8221;pdf,print&#8221;]<\/p>\n<\/div><div class=\"fusion-sep-clear\"><\/div><div class=\"fusion-separator fusion-full-width-sep\" style=\"margin-left: auto;margin-right: auto;margin-top:20px;width:100%;\"><\/div><div class=\"fusion-sep-clear\"><\/div><div class=\"fusion-sep-clear\"><\/div><div class=\"fusion-separator fusion-full-width-sep\" style=\"margin-left: auto;margin-right: auto;margin-top:30px;margin-bottom:-10px;width:100%;\"><div class=\"fusion-separator-border sep-single sep-solid\" style=\"--awb-height:20px;--awb-amount:20px;border-color:#e7e4e2;border-top-width:2px;\"><\/div><\/div><div class=\"fusion-sep-clear\"><\/div><div class=\"fusion-sharing-box fusion-sharing-box-1 boxed-icons has-taglines layout-floated layout-medium-floated layout-small-floated\" style=\"background-color:rgba(250,249,248,0);padding:0;--awb-layout:row;--awb-alignment-small:space-between;\" data-title=\"Il Gitim\" data-description=\"Il GITIM\r\nIl GITIM \u00e8 una associazione senza scopo di lucro, costituita con Atto Notarile in Treviso il giorno 8 Luglio 1966 (con l\u2019iniziale denominazione di \u201cGruppo RED (R\u00eave \u00e9veill\u00e9 dirig\u00e9) e tecniche psicoterapiche e psicologiche derivate\u201d), con aggiornamenti successivi dello statuto il 24 Febbraio 1987, il 29 Dicembre 1994, il 22 Marzo 2001. La Scuola\" data-link=\"https:\/\/www.gitim.eu\/it\/corpo-docente-2.html\"><h4 class=\"tagline\" style=\"color:#333c4e;\">Condividi<\/h4><div class=\"fusion-social-networks sharingbox-shortcode-icon-wrapper sharingbox-shortcode-icon-wrapper-1 boxed-icons\"><span><a href=\"https:\/\/www.facebook.com\/sharer.php?u=https%3A%2F%2Fwww.gitim.eu%2Fit%2Fcorpo-docente-2.html&amp;t=Il%20Gitim\" target=\"_blank\" rel=\"noreferrer\" title=\"Facebook\" aria-label=\"Facebook\" data-placement=\"top\" data-toggle=\"tooltip\" data-title=\"Facebook\"><i class=\"fusion-social-network-icon fusion-tooltip fusion-facebook awb-icon-facebook\" style=\"color:#ffffff;background-color:#3b5998;border-color:#3b5998;border-radius:4px;\" aria-hidden=\"true\"><\/i><\/a><\/span><span><a href=\"https:\/\/twitter.com\/share?text=Il%20Gitim&amp;url=https%3A%2F%2Fwww.gitim.eu%2Fit%2Fcorpo-docente-2.html\" target=\"_blank\" rel=\"noopener noreferrer\" title=\"Twitter\" aria-label=\"Twitter\" data-placement=\"top\" data-toggle=\"tooltip\" data-title=\"Twitter\"><i class=\"fusion-social-network-icon fusion-tooltip fusion-twitter awb-icon-twitter\" style=\"color:#ffffff;background-color:#55acee;border-color:#55acee;border-radius:4px;\" aria-hidden=\"true\"><\/i><\/a><\/span><span><a href=\"https:\/\/www.linkedin.com\/shareArticle?mini=true&amp;url=https%3A%2F%2Fwww.gitim.eu%2Fit%2Fcorpo-docente-2.html&amp;title=Il%20Gitim&amp;summary=Il%20GITIM%0D%0AIl%20GITIM%20%C3%A8%20una%20associazione%20senza%20scopo%20di%20lucro%2C%20costituita%20con%20Atto%20Notarile%20in%20Treviso%20il%20giorno%208%20Luglio%201966%20%28con%20l%E2%80%99iniziale%20denominazione%20di%20%E2%80%9CGruppo%20RED%20%28R%C3%AAve%20%C3%A9veill%C3%A9%20dirig%C3%A9%29%20e%20tecniche%20psicoterapiche%20e%20psicologiche%20derivate%E2%80%9D%29%2C%20con%20aggiornamenti%20successivi%20dello%20statuto%20il%2024%20Febbraio%201987%2C%20il%2029%20Dicembre%201994%2C%20il%2022%20Marzo%202001.%20La%20Scuola\" target=\"_blank\" rel=\"noopener noreferrer\" title=\"LinkedIn\" aria-label=\"LinkedIn\" data-placement=\"top\" data-toggle=\"tooltip\" data-title=\"LinkedIn\"><i class=\"fusion-social-network-icon fusion-tooltip fusion-linkedin awb-icon-linkedin\" style=\"color:#ffffff;background-color:#0077b5;border-color:#0077b5;border-radius:4px;\" aria-hidden=\"true\"><\/i><\/a><\/span><span><a href=\"https:\/\/api.whatsapp.com\/send?text=https%3A%2F%2Fwww.gitim.eu%2Fit%2Fcorpo-docente-2.html\" target=\"_blank\" rel=\"noopener noreferrer\" title=\"WhatsApp\" aria-label=\"WhatsApp\" data-placement=\"top\" data-toggle=\"tooltip\" data-title=\"WhatsApp\"><i class=\"fusion-social-network-icon fusion-tooltip fusion-whatsapp awb-icon-whatsapp\" style=\"color:#ffffff;background-color:#77e878;border-color:#77e878;border-radius:4px;\" aria-hidden=\"true\"><\/i><\/a><\/span><span><a href=\"https:\/\/pinterest.com\/pin\/create\/button\/?url=https%3A%2F%2Fwww.gitim.eu%2Fit%2Fcorpo-docente-2.html&amp;description=Il%20GITIM%0D%0AIl%20GITIM%20%C3%A8%20una%20associazione%20senza%20scopo%20di%20lucro%2C%20costituita%20con%20Atto%20Notarile%20in%20Treviso%20il%20giorno%208%20Luglio%201966%20%28con%20l%E2%80%99iniziale%20denominazione%20di%20%E2%80%9CGruppo%20RED%20%28R%C3%AAve%20%C3%A9veill%C3%A9%20dirig%C3%A9%29%20e%20tecniche%20psicoterapiche%20e%20psicologiche%20derivate%E2%80%9D%29%2C%20con%20aggiornamenti%20successivi%20dello%20statuto%20il%2024%20Febbraio%201987%2C%20il%2029%20Dicembre%201994%2C%20il%2022%20Marzo%202001.%20La%20Scuola&amp;media=\" target=\"_blank\" rel=\"noopener noreferrer\" title=\"Pinterest\" aria-label=\"Pinterest\" data-placement=\"top\" data-toggle=\"tooltip\" data-title=\"Pinterest\"><i class=\"fusion-social-network-icon fusion-tooltip fusion-pinterest awb-icon-pinterest\" style=\"color:#ffffff;background-color:#bd081c;border-color:#bd081c;border-radius:4px;\" aria-hidden=\"true\"><\/i><\/a><\/span><span><a href=\"mailto:?subject=Il%20Gitim&amp;body=https%3A%2F%2Fwww.gitim.eu%2Fit%2Fcorpo-docente-2.html\" target=\"_self\" title=\"Email\" aria-label=\"Email\" data-placement=\"top\" data-toggle=\"tooltip\" data-title=\"Email\"><i class=\"fusion-social-network-icon fusion-tooltip fusion-mail awb-icon-mail\" style=\"color:#ffffff;background-color:#000000;border-color:#000000;border-radius:4px;\" aria-hidden=\"true\"><\/i><\/a><\/span><\/div><\/div><div class=\"fusion-clearfix\"><\/div><\/div><\/div><div class=\"fusion-layout-column fusion_builder_column fusion-builder-column-1 fusion_builder_column_1_3 1_3 fusion-one-third fusion-column-last\" style=\"--awb-padding-top:7%;--awb-padding-right:7%;--awb-padding-bottom:7%;--awb-padding-left:7%;--awb-bg-color:#faf9f8;--awb-bg-color-hover:#faf9f8;--awb-bg-size:cover;width:33.333333333333%;width:calc(33.333333333333% - ( ( 5% ) * 0.33333333333333 ) );\"><div class=\"fusion-column-wrapper fusion-flex-column-wrapper-legacy\"><div class=\"fusion-widget-area awb-widget-area-element fusion-widget-area-1 fusion-content-widget-area\" style=\"--awb-title-size:18px;--awb-title-color:#333c4e;--awb-padding:0px 0px 0px 0px;\"><section id=\"text-23\" class=\"widget widget_text\"><div class=\"heading\"><h4 class=\"widget-title\">SCUOLA PSICOTERAPICA<\/h4><\/div>\t\t\t<div class=\"textwidget\"><p><strong>Corso Quadriennale<\/strong> di Formazione in Psicoterapia con le Tecniche Immaginative di Analisi e Ristrutturazione del Profondo<\/p>\n<p>Riconosciuto dal <strong>MURST<\/strong> con decreto del 3\/4\/03 Gazzetta Ufficiale n.96 del 26\/4\/03<\/p>\n<\/div>\n\t\t<\/section><section id=\"block-11\" class=\"widget widget_block\" style=\"border-style: solid;border-color:transparent;border-width:0px;\"><p><strong>Newsletter<\/strong><\/p>\r\n<p>Volete essere sempre informati su corsi, eventi e tutte le attivit&agrave; del Gitim? Iscrivetevi alla Newsletter!<br \/>Riceverete nella vostra email tutti gli aggiornamenti in tempo reale delle nostre iniziative:<\/p>\r\n<form accept-charset=\"UTF-8\" action=\"https:\/\/pendolino470.voxmail.it\/user\/register\" method=\"post\">\r\n<div class=\"form-item form-item-textfield\"><label>Nome: <\/label><br \/><input class=\"form-text\" maxlength=\"255\" name=\"profile_name\" type=\"text\" value=\"\" \/><\/div>\r\n<div class=\"form-item form-item-textfield\"><label>Cognome: <\/label><br \/><input class=\"form-text\" maxlength=\"255\" name=\"profile_surname\" type=\"text\" value=\"\" \/><\/div>\r\n<div class=\"form-item form-item-textfield\"><label>Professione: <\/label><br \/><input class=\"form-text\" maxlength=\"255\" name=\"profile_professione\" type=\"text\" value=\"\" \/><\/div>\r\n<div class=\"form-item form-item-textfield\"><label>Indirizzo email: <\/label><br \/><input class=\"form-text required\" maxlength=\"64\" name=\"mail\" type=\"text\" value=\"\" \/><\/div>\r\n  <div class=\"privacy_policy\">Leggi la <a href=\"https:\/\/gitim.eu\/it\/privacy-policy-newsletter\" target=\"_blank\" rel=\"noopener\"><u>privacy policy<\/u><\/a><\/div>\r\n<div class=\"form-item form-item-checkbox\"><input class=\"form-checkbox has-sibling-label\" name=\"privacy\" type=\"checkbox\" value=\"1\" \/><label class=\"option\" for=\"\">Accetto la privacy policy<\/label>\r\n<p>&nbsp;<\/p>\r\n<div class=\"description\">Acconsento al trattamento dei miei dati personali (Regolamento 2016\/679 - GDPR e d.lgs. n.196 del 30\/6\/2003)<\/div>\r\n<\/div>\r\n<p><input class=\"form-submit wpcf7-submit\" name=\"submit\" type=\"submit\" value=\"Iscriviti\" \/><br \/><input name=\"form_id\" type=\"hidden\" value=\"user_register\" \/><\/p>\r\n<\/form><\/section><div class=\"fusion-additional-widget-content\"><\/div><\/div><div class=\"fusion-clearfix\"><\/div><\/div><\/div><\/div><\/div><\/p>\n","protected":false},"excerpt":{"rendered":"","protected":false},"author":7,"featured_media":1964,"comment_status":"open","ping_status":"open","sticky":false,"template":"","format":"standard","meta":[],"categories":[18],"tags":[20],"_links":{"self":[{"href":"https:\/\/www.gitim.eu\/it\/wp-json\/wp\/v2\/posts\/2037"}],"collection":[{"href":"https:\/\/www.gitim.eu\/it\/wp-json\/wp\/v2\/posts"}],"about":[{"href":"https:\/\/www.gitim.eu\/it\/wp-json\/wp\/v2\/types\/post"}],"author":[{"embeddable":true,"href":"https:\/\/www.gitim.eu\/it\/wp-json\/wp\/v2\/users\/7"}],"replies":[{"embeddable":true,"href":"https:\/\/www.gitim.eu\/it\/wp-json\/wp\/v2\/comments?post=2037"}],"version-history":[{"count":4,"href":"https:\/\/www.gitim.eu\/it\/wp-json\/wp\/v2\/posts\/2037\/revisions"}],"predecessor-version":[{"id":2040,"href":"https:\/\/www.gitim.eu\/it\/wp-json\/wp\/v2\/posts\/2037\/revisions\/2040"}],"wp:featuredmedia":[{"embeddable":true,"href":"https:\/\/www.gitim.eu\/it\/wp-json\/wp\/v2\/media\/1964"}],"wp:attachment":[{"href":"https:\/\/www.gitim.eu\/it\/wp-json\/wp\/v2\/media?parent=2037"}],"wp:term":[{"taxonomy":"category","embeddable":true,"href":"https:\/\/www.gitim.eu\/it\/wp-json\/wp\/v2\/categories?post=2037"},{"taxonomy":"post_tag","embeddable":true,"href":"https:\/\/www.gitim.eu\/it\/wp-json\/wp\/v2\/tags?post=2037"}],"curies":[{"name":"wp","href":"https:\/\/api.w.org\/{rel}","templated":true}]}}