{"id":392,"date":"2016-03-15T09:44:57","date_gmt":"2016-03-15T09:44:57","guid":{"rendered":"https:\/\/gitim.eu\/it\/?p=392"},"modified":"2019-09-06T00:37:14","modified_gmt":"2019-09-05T22:37:14","slug":"corpo-docente","status":"publish","type":"post","link":"https:\/\/www.gitim.eu\/it\/corpo-docente.html","title":{"rendered":"Corpo Docente"},"content":{"rendered":"<p><div class=\"fusion-fullwidth fullwidth-box fusion-builder-row-1 nonhundred-percent-fullwidth non-hundred-percent-height-scrolling\" style=\"--awb-background-position:left top;--awb-border-radius-top-left:0px;--awb-border-radius-top-right:0px;--awb-border-radius-bottom-right:0px;--awb-border-radius-bottom-left:0px;--awb-padding-bottom:80px;--awb-border-sizes-top:0px;--awb-border-sizes-bottom:0px;\" ><div class=\"fusion-builder-row fusion-row\"><div class=\"fusion-layout-column fusion_builder_column fusion-builder-column-0 fusion_builder_column_2_3 2_3 fusion-two-third fusion-column-first\" style=\"--awb-bg-size:cover;--awb-margin-top:0px;--awb-margin-bottom:40px;width:66.666666666667%;width:calc(66.666666666667% - ( ( 5% ) * 0.66666666666667 ) );margin-right: 5%;\"><div class=\"fusion-column-wrapper fusion-flex-column-wrapper-legacy\"><div class=\"fusion-text fusion-text-1\"><h4>COMPOSIZIONE, ORGANIZZAZIONE E QUALIFICA DEL CORPO\u00a0 DOCENTE<\/h4>\n<h3>Direttore della Scuola<\/h3>\n<p>\u00c8 nominato dal Comitato Direttivo del GITIM e presiede il Consiglio Direttivo della Scuola. Definisce il calendario delle lezioni, dei seminari e dei tirocini. Conferisce gli incarichi ai Docenti e ai terapeuti ITP del GITIM impegnati nella Formazione Personale degli allievi.<\/p>\n<h3>Consiglio Direttivo della Scuola<\/h3>\n<p>\u00c8 nominato dal Comitato Direttivo del GITIM ed \u00e8 presieduto dal Direttore della Scuola. Presiede all\u2019organizzazione dei corsi, stabilendo gli insegnamenti e individuando i Docenti. Nomina i Didatti, cio\u00e8 gli analisti supervisori attivi all\u2019interno della Scuola.<\/p>\n<h3>Consiglio dei Docenti e dei Didatti<\/h3>\n<p>\u00c8 costituito da tutti i soci GITIM che insegnano o svolgono attivit\u00e0 formativa nella Scuola, e da quelli che operano come analisti supervisori attivi all\u2019interno della Scuola. \u00c8 presieduto dal Direttore della Scuola, che lo convoca almeno una volta all\u2019anno, ed esprime il suo parere sull\u2019andamento della Scuola sulle possibili aree di miglioramento.<\/p>\n<\/div><div class=\"fusion-sep-clear\"><\/div><div class=\"fusion-separator fusion-full-width-sep\" style=\"margin-left: auto;margin-right: auto;margin-top:5px;width:100%;\"><\/div><div class=\"fusion-sep-clear\"><\/div><div class=\"fusion-image-element fusion-image-align-center in-legacy-container\" style=\"text-align:center;--awb-caption-title-font-family:var(--h2_typography-font-family);--awb-caption-title-font-weight:var(--h2_typography-font-weight);--awb-caption-title-font-style:var(--h2_typography-font-style);--awb-caption-title-size:var(--h2_typography-font-size);--awb-caption-title-transform:var(--h2_typography-text-transform);--awb-caption-title-line-height:var(--h2_typography-line-height);--awb-caption-title-letter-spacing:var(--h2_typography-letter-spacing);\"><div class=\"imageframe-align-center\"><span class=\" fusion-imageframe imageframe-none imageframe-1 hover-type-zoomin\" class=\"image-scroll\"><a href=\"https:\/\/gitim.eu\/it\/wp-content\/uploads\/2016\/03\/news_single_post_header_2.jpg\" class=\"fusion-lightbox\" data-rel=\"iLightbox[fe2f382d0ae3d8a4a21]\" data-title=\"news_single_post_header_2\" title=\"news_single_post_header_2\"><img width=\"900\" height=\"500\" src=\"https:\/\/gitim.eu\/it\/wp-content\/uploads\/2016\/03\/news_single_post_header_2.jpg\" alt class=\"img-responsive wp-image-1510\"\/><\/a><\/span><\/div><\/div><div class=\"fusion-text fusion-text-2\"><h3>Comitato Scientifico della Scuola<\/h3>\n<p>Il Direttore della Scuola, in accordo con il Comitato Direttivo del GITIM, nomina un Comitato Scientifico composto da almeno due membri del Consiglio dei Docenti e dei Didatti, di approccio ITP, e da un docente universitario \u201cGarante\u201d, che non insegna nell\u2019ambito della Scuola. Compito del Comitato Scientifico \u00e8 quello di analizzare e indirizzare l\u2019attivit\u00e0 scientifica e didattica svolta nei corsi, presentando annualmente al Ministero una relazione consuntiva ed una programmatica, in base agli obblighi di legge.<br \/>\nLa nomina dei Docenti per incarichi di insegnamento che si rendessero disponibili \u00e8 di competenza del Direttore della Scuola, sentito il parere del Consiglio Direttivo della Scuola. Sar\u00e0 cura del Direttore della Scuola darne comunicazione al Ministero.<br \/>\nLa formazione teorica \u00e8 affidata, secondo le indicazioni di legge, a docenti con specifica qualificazione nel settore, sia di provenienza universitaria che di documentata esperienza clinica e professionale. Si rileva una distinzione fra docenti di formazione ed approccio Terapia Immaginativa ITP, cui competono, in particolare, gli Insegnamenti specifici dell\u2019indirizzo teorico, ed altri docenti, cui sono affidati prevalentemente Insegnamenti non specifici della tecnica ITP.<\/p>\n<\/div><div class=\"fusion-sep-clear\"><\/div><div class=\"fusion-separator fusion-full-width-sep\" style=\"margin-left: auto;margin-right: auto;margin-top:5px;width:100%;\"><\/div><div class=\"fusion-sep-clear\"><\/div><ul style=\"--awb-size:15px;--awb-line-height:25.5px;--awb-icon-width:25.5px;--awb-icon-height:25.5px;--awb-icon-margin:10.5px;--awb-content-margin:36px;\" class=\"fusion-checklist fusion-checklist-1 fusion-checklist-default type-icons\"><li class=\"fusion-li-item\" style=\"\"><span class=\"icon-wrapper circle-no\"><i class=\"fusion-li-icon fa-graduation-cap fas\" aria-hidden=\"true\"><\/i><\/span><div class=\"fusion-li-item-content\">\n<p><strong>Direttore<\/strong><\/p>\n<p><strong>Dott.ssa Ivana Zanetti<\/strong><br \/>\nPsicologa, Psicoterapeuta ITP, iscritta all\u2019Albo degli Psicologi Psicoterapeuti del Veneto (1994). Presidente e rappresentante legale dell\u2019Associazione GITIM, ente gestore della Scuola di Psicoterapia.<\/p>\n<\/div><\/li><\/ul><div class=\"fusion-text fusion-text-3\"><h3>Comitato Scentifico<\/h3>\n<\/div><ul style=\"--awb-size:15px;--awb-line-height:25.5px;--awb-icon-width:25.5px;--awb-icon-height:25.5px;--awb-icon-margin:10.5px;--awb-content-margin:36px;\" class=\"fusion-checklist fusion-checklist-2 fusion-checklist-default type-icons\"><li class=\"fusion-li-item\" style=\"\"><span class=\"icon-wrapper circle-no\"><i class=\"fusion-li-icon fa-graduation-cap fas\" aria-hidden=\"true\"><\/i><\/span><div class=\"fusion-li-item-content\">\n<p><strong>Dott.ssa Ivana Zanetti \u2013 Direttore della Scuola<\/strong><br \/>\nPsicologa, Psicoterapeuta ITP, iscritta all\u2019Albo degli Psicologi Psicoterapeuti del Veneto (1994). Presidente e rappresentante legale dell\u2019Associazione GITIM, ente gestore della Scuola di Psicoterapia.<\/p>\n<\/div><\/li><li class=\"fusion-li-item\" style=\"\"><span class=\"icon-wrapper circle-no\"><i class=\"fusion-li-icon fa-graduation-cap fas\" aria-hidden=\"true\"><\/i><\/span><div class=\"fusion-li-item-content\">\n<p><strong>Prof. Carlo Cristini \u2013 Garante della Scuola<\/strong><br \/>\nDocente di Psicologia Generale presso L\u2019Universit\u00e0 degli Studi di Brescia, Dipartimento di Scienze Cliniche e Sperimentali. Non docente presso la Scuola di Psicoterapia ITP. Psichiatra, Psicoterapeuta, iscritto all\u2019Albo dei Medici Psicoterapeuti di Brescia.<\/p>\n<\/div><\/li><li class=\"fusion-li-item\" style=\"\"><span class=\"icon-wrapper circle-no\"><i class=\"fusion-li-icon fa-graduation-cap fas\" aria-hidden=\"true\"><\/i><\/span><div class=\"fusion-li-item-content\">\n<p><strong>Dott.ssa Luisa De Rosa<\/strong><br \/>\nPsicologa, Psicoterapeuta ITP, iscritta all\u2019Albo degli Psicologi Psicoterapeuti del Veneto (1994). Socio GITIM. Dirigente Psicologo, Servizio Disabilit\u00e0 Et\u00e0 Adulta (SDEA), AULSS 2 Marca Trevigiana.<\/p>\n<\/div><\/li><li class=\"fusion-li-item\" style=\"\"><span class=\"icon-wrapper circle-no\"><i class=\"fusion-li-icon fa-graduation-cap fas\" aria-hidden=\"true\"><\/i><\/span><div class=\"fusion-li-item-content\">\n<p><strong>Dott. Moreno De Rossi<\/strong><br \/>\nPsichiatra, Psicoterapeuta ITP, iscritto all\u2019Albo dei Medici Psicoterapeuti di Treviso. Socio GITIM. Direttore UOC 1 Psichiatria Venezia-Chioggia, AULSS 3 Serenissima.<\/p>\n<\/div><\/li><li class=\"fusion-li-item\" style=\"\"><span class=\"icon-wrapper circle-no\"><i class=\"fusion-li-icon fa-graduation-cap fas\" aria-hidden=\"true\"><\/i><\/span><div class=\"fusion-li-item-content\">\n<p><strong>Dott. Silvano Secco<\/strong><br \/>\nPsicologo, Psicoterapeuta ITP, iscritto all\u2019Albo degli Psicologi Psicoterapeuti del Veneto (1994). Socio GITIM. Dirigente Psicologo, Servizio Et\u00e0 Evolutiva (SEE), AULSS 2 Marca Trevigiana. Docente anche in ambito universitario.<\/p>\n<\/div><\/li><\/ul><div class=\"fusion-text fusion-text-4\"><h3>Docenti universitari<\/h3>\n<\/div><ul style=\"--awb-size:15px;--awb-line-height:25.5px;--awb-icon-width:25.5px;--awb-icon-height:25.5px;--awb-icon-margin:10.5px;--awb-content-margin:36px;\" class=\"fusion-checklist fusion-checklist-3 fusion-checklist-default type-icons\"><li class=\"fusion-li-item\" style=\"\"><span class=\"icon-wrapper circle-no\"><i class=\"fusion-li-icon fa-graduation-cap fas\" aria-hidden=\"true\"><\/i><\/span><div class=\"fusion-li-item-content\">\n<p><strong>Prof. Jean-Marie Barth\u00e9l\u00e9my<\/strong><br \/>\nPsicologo, Psicoterapeuta. Professeur honoraire de Psychopathologie et Psychologie Clinique, Universit\u00e9 de Savoie Mont Blanc (Chamb\u00e9ry).<\/p>\n<\/div><\/li><li class=\"fusion-li-item\" style=\"\"><span class=\"icon-wrapper circle-no\"><i class=\"fusion-li-icon fa-graduation-cap fas\" aria-hidden=\"true\"><\/i><\/span><div class=\"fusion-li-item-content\">\n<p><strong>Prof. Jean Burgos<\/strong><br \/>\nProfesseur \u00e9m\u00e9rite de Po\u00e9tique et Pr\u00e9sident honoraire de l\u2019Universit\u00e9 de Savoie (Chamb\u00e8ry). Directeur-fondateur de Circ\u00e9 (Cahiers de Recherche sur l\u2019Imaginaire).<\/p>\n<\/div><\/li><li class=\"fusion-li-item\" style=\"\"><span class=\"icon-wrapper circle-no\"><i class=\"fusion-li-icon fa-graduation-cap fas\" aria-hidden=\"true\"><\/i><\/span><div class=\"fusion-li-item-content\">\n<p><strong>Dott.ssa Giorgia Don\u00e0<\/strong><br \/>\nPsychologist. MPhil in Social Anthropology, University of Cambridge, UK. Professor, Department of Social Sciences and Social Work, University of East London, UK. Fellow, Higher Education Academy, UK.<\/p>\n<\/div><\/li><li class=\"fusion-li-item\" style=\"\"><span class=\"icon-wrapper circle-no\"><i class=\"fusion-li-icon fa-graduation-cap fas\" aria-hidden=\"true\"><\/i><\/span><div class=\"fusion-li-item-content\">\n<p><strong>Prof.ssa Tilde Giani Gallino<\/strong><br \/>\nGi\u00e0 Professore Ordinario di Psicologia dello Sviluppo, Facolt\u00e0 di Scienze della Formazione, Universit\u00e0 degli Studi di Torino.<\/p>\n<\/div><\/li><li class=\"fusion-li-item\" style=\"\"><span class=\"icon-wrapper circle-no\"><i class=\"fusion-li-icon fa-graduation-cap fas\" aria-hidden=\"true\"><\/i><\/span><div class=\"fusion-li-item-content\">\n<p><strong>Prof.ssa Laura Parolin<\/strong><br \/>\nPsicologa, Psicoterapeuta, iscritta all\u2019Albo degli Psicologi Psicoterapeuti della Lombardia (2009). Professore Associato, SSD Psicologia Dinamica, Dipartimento di Psicologia, Universit\u00e0 Milano-Bicocca.<\/p>\n<\/div><\/li><li class=\"fusion-li-item\" style=\"\"><span class=\"icon-wrapper circle-no\"><i class=\"fusion-li-icon fa-graduation-cap fas\" aria-hidden=\"true\"><\/i><\/span><div class=\"fusion-li-item-content\">\n<p><strong>Prof.ssa Anna Sieber-Ratti <\/strong><br \/>\nPsicologa, Psicoterapeuta FSP \/ KIP (Katathym Imaginativer Psychotherapie). Docente di Psicologia Applicata, ZHAW Zurich University of Applied Sciences, School of Applied Psychology.<\/p>\n<\/div><\/li><li class=\"fusion-li-item\" style=\"\"><span class=\"icon-wrapper circle-no\"><i class=\"fusion-li-icon fa-graduation-cap fas\" aria-hidden=\"true\"><\/i><\/span><div class=\"fusion-li-item-content\">\n<p><strong>Prof. Antonio Rigo<\/strong><br \/>\nProfessore Ordinario di Filologia bizantina e di Storia del Cristianesimo bizantino, Universit\u00e0 Ca\u2019 Foscari Venezia.<\/p>\n<\/div><\/li><\/ul><div class=\"fusion-text fusion-text-5\"><h3>Docenti Esterni<\/h3>\n<\/div><ul style=\"--awb-size:15px;--awb-line-height:25.5px;--awb-icon-width:25.5px;--awb-icon-height:25.5px;--awb-icon-margin:10.5px;--awb-content-margin:36px;\" class=\"fusion-checklist fusion-checklist-4 fusion-checklist-default type-icons\"><li class=\"fusion-li-item\" style=\"\"><span class=\"icon-wrapper circle-no\"><i class=\"fusion-li-icon fa-graduation-cap fas\" aria-hidden=\"true\"><\/i><\/span><div class=\"fusion-li-item-content\">\n<p><strong>Dott. Giovanni Austoni<\/strong><br \/>\nPsichiatra, Psicoterapeuta, iscritto all\u2019Albo dei Medici Psicoterapeuti di Trieste. Dirigente medico di Psichiatria, UOC Salute Mentale Nord, AULSS 2 Marca Trevigiana.<\/p>\n<\/div><\/li><li class=\"fusion-li-item\" style=\"\"><span class=\"icon-wrapper circle-no\"><i class=\"fusion-li-icon fa-graduation-cap fas\" aria-hidden=\"true\"><\/i><\/span><div class=\"fusion-li-item-content\">\n<p><strong>Dott. Giuliano De Rocco<\/strong><br \/>\nPsicologo, Psicoterapeuta Terapia Familiare, iscritto all\u2019Albo degli Psicologi Psicoterapeuti del Veneto (1994). Dirigente Psicologo, Responsabile di Consultori Familiari, AULSS 6 Euganea.<\/p>\n<\/div><\/li><li class=\"fusion-li-item\" style=\"\"><span class=\"icon-wrapper circle-no\"><i class=\"fusion-li-icon fa-graduation-cap fas\" aria-hidden=\"true\"><\/i><\/span><div class=\"fusion-li-item-content\">\n<p><strong>Dott.ssa Francesca Gnoato<\/strong><br \/>\nPsicologa, Dottoressa di Ricerca in Neuroscienze. Libera Professionista. Docente universitaria a contratto di Neuropsicologia presso l\u2019Universit\u00e0 degli Studi di Padova e l\u2019Istituto Universitario Salesiano di Venezia (IUSVE).<\/p>\n<\/div><\/li><li class=\"fusion-li-item\" style=\"\"><span class=\"icon-wrapper circle-no\"><i class=\"fusion-li-icon fa-graduation-cap fas\" aria-hidden=\"true\"><\/i><\/span><div class=\"fusion-li-item-content\">\n<p><strong>Dott. Gino Soldera<\/strong><br \/>\nPsicologo, Psicoterapeuta, iscritto all\u2019Albo degli Psicologi Psicoterapeuti del Veneto (1994). Presidente e Fondatore ANPEP, e Direttore della \u201cScuola di vita Prenatale Adriano Milani Comparetti\u201d dell\u2019ANPEP. Docente anche in ambito universitario.<\/p>\n<\/div><\/li><li class=\"fusion-li-item\" style=\"\"><span class=\"icon-wrapper circle-no\"><i class=\"fusion-li-icon fa-graduation-cap fas\" aria-hidden=\"true\"><\/i><\/span><div class=\"fusion-li-item-content\">\n<p><strong>Dott.ssa Marisa Spinoglio<\/strong><br \/>\nPsichiatra, Psicoterapeuta Junghiana, iscritta all\u2019Albo dei Medici Psicoterapeuti di Milano. Gi\u00e0 Assistente ordinario di ruolo presso la scuola di specializzazione in Psichiatria dell\u2019Universit\u00e0 degli Studi di Milano.<\/p>\n<\/div><\/li><li class=\"fusion-li-item\" style=\"\"><span class=\"icon-wrapper circle-no\"><i class=\"fusion-li-icon fa-graduation-cap fas\" aria-hidden=\"true\"><\/i><\/span><div class=\"fusion-li-item-content\">\n<p><strong>Prof.ssa Anna Sieber-Ratti <\/strong><br \/>\nPsicologa, Psicoterapeuta FSP \/ KIP (Katathym Imaginativer Psychotherapie). Docente di Psicologia Applicata, ZHAW Zurich University of Applied Sciences, School of Applied Psychology.<\/p>\n<\/div><\/li><li class=\"fusion-li-item\" style=\"\"><span class=\"icon-wrapper circle-no\"><i class=\"fusion-li-icon fa-graduation-cap fas\" aria-hidden=\"true\"><\/i><\/span><div class=\"fusion-li-item-content\">\n<p><strong>Prof. Antonio Rigo<\/strong><br \/>\nProfessore Ordinario di Filologia bizantina e di Storia del Cristianesimo bizantino, Universit\u00e0 Ca\u2019 Foscari Venezia.<\/p>\n<\/div><\/li><\/ul><div class=\"fusion-text fusion-text-6\"><h3>Docenti interni<\/h3>\n<\/div><ul style=\"--awb-size:15px;--awb-line-height:25.5px;--awb-icon-width:25.5px;--awb-icon-height:25.5px;--awb-icon-margin:10.5px;--awb-content-margin:36px;\" class=\"fusion-checklist fusion-checklist-5 fusion-checklist-default type-icons\"><li class=\"fusion-li-item\" style=\"\"><span class=\"icon-wrapper circle-no\"><i class=\"fusion-li-icon fa-graduation-cap fas\" aria-hidden=\"true\"><\/i><\/span><div class=\"fusion-li-item-content\">\n<p><strong>Dott.ssa Cristina Bellato<\/strong><br \/>\nPsicologa, Psicoterapeuta ITP, iscritta all\u2019Albo degli Psicologi Psicoterapeuti del Veneto (1994). Socio GITIM. Dirigente psicologo, Consultorio Familiare, AULSS 8 Asolo.<\/p>\n<\/div><\/li><li class=\"fusion-li-item\" style=\"\"><span class=\"icon-wrapper circle-no\"><i class=\"fusion-li-icon fa-graduation-cap fas\" aria-hidden=\"true\"><\/i><\/span><div class=\"fusion-li-item-content\">\n<p><strong>Dott.ssa Luisa De Rosa<\/strong><br \/>\nPsicologa, Psicoterapeuta ITP, iscritta all\u2019Albo degli Psicologi Psicoterapeuti del Veneto (1994). Socio GITIM. Dirigente Psicologo, Servizio Disabilit\u00e0 Et\u00e0 Adulta (SDEA), AULSS 2 Marca Trevigiana.<\/p>\n<\/div><\/li><li class=\"fusion-li-item\" style=\"\"><span class=\"icon-wrapper circle-no\"><i class=\"fusion-li-icon fa-graduation-cap fas\" aria-hidden=\"true\"><\/i><\/span><div class=\"fusion-li-item-content\">\n<p><strong>Dott. Moreno De Rossi<\/strong><br \/>\nPsichiatra, Psicoterapeuta ITP, iscritto all\u2019Albo dei Medici Psicoterapeuti di Treviso (2001). Socio GITIM. Direttore UOC 1 Psichiatria Venezia-Chioggia, AULSS 3 Serenissima.<\/p>\n<\/div><\/li><li class=\"fusion-li-item\" style=\"\"><span class=\"icon-wrapper circle-no\"><i class=\"fusion-li-icon fa-graduation-cap fas\" aria-hidden=\"true\"><\/i><\/span><div class=\"fusion-li-item-content\">\n<p><strong>Dott. Manuel Marcon<\/strong><br \/>\nPsicologo, Psicoterapeuta ITP, iscritto all\u2019Albo degli Psicologi Psicoterapeuti del Veneto (2012). Socio GITIM. Diplomato con Master di II livello in Psicopatologia e Neuropsicologia Forense. Libero professionista<\/p>\n<\/div><\/li><li class=\"fusion-li-item\" style=\"\"><span class=\"icon-wrapper circle-no\"><i class=\"fusion-li-icon fa-graduation-cap fas\" aria-hidden=\"true\"><\/i><\/span><div class=\"fusion-li-item-content\">\n<p><strong>Dott. Adriano Schiavi<\/strong><br \/>\nPsicologo, Psicoterapeuta ITP, iscritto all\u2019Albo degli Psicologi Psicoterapeuti della Lombardia (1990). Socio GITIM. Responsabile UOS Vigilanza e Controlli Sociosanitari e Responsabile f.f. UOC Accreditamenti e Controlli Sociosanitari, ATS Val Padana. Docente anche in ambito universitario.<\/p>\n<\/div><\/li><li class=\"fusion-li-item\" style=\"\"><span class=\"icon-wrapper circle-no\"><i class=\"fusion-li-icon fa-graduation-cap fas\" aria-hidden=\"true\"><\/i><\/span><div class=\"fusion-li-item-content\">\n<p><strong>Dott. Silvano Secco<\/strong><br \/>\nPsicologo, Psicoterapeuta ITP, iscritto all\u2019Albo degli Psicologi Psicoterapeuti del Veneto (1994). Socio GITIM. Dirigente Psicologo, Servizio Et\u00e0 Evolutiva (SEE), AULSS 2 Marca Trevigiana. Docente anche in ambito universitario.<\/p>\n<\/div><\/li><li class=\"fusion-li-item\" style=\"\"><span class=\"icon-wrapper circle-no\"><i class=\"fusion-li-icon fa-graduation-cap fas\" aria-hidden=\"true\"><\/i><\/span><div class=\"fusion-li-item-content\">\n<p><strong>Dott.ssa Cristina Vettorello<\/strong><br \/>\nPsicologa, Psicoterapeuta ITP, iscritta all\u2019Albo degli Psicologi Psicoterapeuti del Veneto (2005). Socio GITIM. Responsabile di comunit\u00e0 psichiatrica e di casa di riposo per anziani, IPAB Istituti di Soggiorno per Anziani San Gregorio di Valdobbiadene (TV).<\/p>\n<\/div><\/li><li class=\"fusion-li-item\" style=\"\"><span class=\"icon-wrapper circle-no\"><i class=\"fusion-li-icon fa-graduation-cap fas\" aria-hidden=\"true\"><\/i><\/span><div class=\"fusion-li-item-content\">\n<p><strong>Dott.ssa Laura Zanardo<\/strong><br \/>\nPsicologa, Psicoterapeuta ITP, iscritta all\u2019Albo degli Psicologi Psicoterapeuti del Veneto (1999). Socio GITIM. Educatore professionale psicomotricista, Servizio Et\u00e0 Evolutiva (SEE), AULSS 2 Marca Trevigiana.<\/p>\n<\/div><\/li><li class=\"fusion-li-item\" style=\"\"><span class=\"icon-wrapper circle-no\"><i class=\"fusion-li-icon fa-graduation-cap fas\" aria-hidden=\"true\"><\/i><\/span><div class=\"fusion-li-item-content\">\n<p><strong>Dott.ssa Ivana Zanetti<\/strong><br \/>\nPsicologa, Psicoterapeuta ITP, iscritta all\u2019Albo degli Psicologi Psicoterapeuti del Veneto (1994). Presidente e rappresentante legale dell\u2019Associazione GITIM, ente gestore della Scuola di Psicoterapia.<\/p>\n<\/div><\/li><li class=\"fusion-li-item\" style=\"\"><span class=\"icon-wrapper circle-no\"><i class=\"fusion-li-icon fa-graduation-cap fas\" aria-hidden=\"true\"><\/i><\/span><div class=\"fusion-li-item-content\">\n<p><strong>Dott. Gabriele Zanola<\/strong><br \/>\nPsichiatra, Psicoterapeuta ITP, iscritto all\u2019Albo dei Medici Psicoterapeuti di Brescia. Socio GITIM. Medico di Famiglia, ATS Brescia.<\/p>\n<\/div><\/li><\/ul><div class=\"fusion-text fusion-text-7\"><h3>Garante<\/h3>\n<\/div><ul style=\"--awb-size:15px;--awb-line-height:25.5px;--awb-icon-width:25.5px;--awb-icon-height:25.5px;--awb-icon-margin:10.5px;--awb-content-margin:36px;\" class=\"fusion-checklist fusion-checklist-6 fusion-checklist-default type-icons\"><li class=\"fusion-li-item\" style=\"\"><span class=\"icon-wrapper circle-no\"><i class=\"fusion-li-icon fa-graduation-cap fas\" aria-hidden=\"true\"><\/i><\/span><div class=\"fusion-li-item-content\">\n<p><strong>Prof. Carlo Cristini<\/strong><br \/>\nDocente di Psicologia Generale presso L\u2019Universit\u00e0 degli Studi di Brescia, Dipartimento di Scienze Cliniche e Sperimentali. Non docente presso la Scuola di Psicoterapia ITP. Psichiatra, Psicoterapeuta, iscritto all\u2019Albo dei Medici Psicoterapeuti di Brescia.<\/p>\n<\/div><\/li><\/ul><div class=\"fusion-text fusion-text-8\"><p>[bws_pdfprint display=&#8221;pdf,print&#8221;]<\/p>\n<\/div><div class=\"fusion-sep-clear\"><\/div><div class=\"fusion-separator fusion-full-width-sep\" style=\"margin-left: auto;margin-right: auto;margin-top:20px;width:100%;\"><\/div><div class=\"fusion-sep-clear\"><\/div><div class=\"fusion-sep-clear\"><\/div><div class=\"fusion-separator fusion-full-width-sep\" style=\"margin-left: auto;margin-right: auto;margin-top:30px;margin-bottom:-10px;width:100%;\"><div class=\"fusion-separator-border sep-single sep-solid\" style=\"--awb-height:20px;--awb-amount:20px;border-color:#e7e4e2;border-top-width:2px;\"><\/div><\/div><div class=\"fusion-sep-clear\"><\/div><div class=\"fusion-sharing-box fusion-sharing-box-1 boxed-icons has-taglines layout-floated layout-medium-floated layout-small-floated\" style=\"background-color:rgba(250,249,248,0);padding:0;--awb-layout:row;--awb-alignment-small:space-between;\" data-title=\"Corpo Docente\" data-description=\"COMPOSIZIONE, ORGANIZZAZIONE E QUALIFICA DEL CORPO\u00a0 DOCENTE\r\nDirettore della Scuola\r\n\u00c8 nominato dal Comitato Direttivo del GITIM e presiede il Consiglio Direttivo della Scuola. Definisce il calendario delle lezioni, dei seminari e dei tirocini. Conferisce gli incarichi ai Docenti e ai terapeuti ITP del GITIM impegnati nella Formazione Personale degli allievi.\r\nConsiglio Direttivo della Scuola\r\n\u00c8 nominato dal Comitato\" data-link=\"https:\/\/www.gitim.eu\/it\/corpo-docente.html\"><h4 class=\"tagline\" style=\"color:#333c4e;\">Condividi<\/h4><div class=\"fusion-social-networks sharingbox-shortcode-icon-wrapper sharingbox-shortcode-icon-wrapper-1 boxed-icons\"><span><a href=\"https:\/\/www.facebook.com\/sharer.php?u=https%3A%2F%2Fwww.gitim.eu%2Fit%2Fcorpo-docente.html&amp;t=Corpo%20Docente\" target=\"_blank\" rel=\"noreferrer\" title=\"Facebook\" aria-label=\"Facebook\" data-placement=\"top\" data-toggle=\"tooltip\" data-title=\"Facebook\"><i class=\"fusion-social-network-icon fusion-tooltip fusion-facebook awb-icon-facebook\" style=\"color:#ffffff;background-color:#3b5998;border-color:#3b5998;border-radius:4px;\" aria-hidden=\"true\"><\/i><\/a><\/span><span><a href=\"https:\/\/twitter.com\/share?text=Corpo%20Docente&amp;url=https%3A%2F%2Fwww.gitim.eu%2Fit%2Fcorpo-docente.html\" target=\"_blank\" rel=\"noopener noreferrer\" title=\"Twitter\" aria-label=\"Twitter\" data-placement=\"top\" data-toggle=\"tooltip\" data-title=\"Twitter\"><i class=\"fusion-social-network-icon fusion-tooltip fusion-twitter awb-icon-twitter\" style=\"color:#ffffff;background-color:#55acee;border-color:#55acee;border-radius:4px;\" aria-hidden=\"true\"><\/i><\/a><\/span><span><a href=\"https:\/\/www.linkedin.com\/shareArticle?mini=true&amp;url=https%3A%2F%2Fwww.gitim.eu%2Fit%2Fcorpo-docente.html&amp;title=Corpo%20Docente&amp;summary=COMPOSIZIONE%2C%20ORGANIZZAZIONE%20E%20QUALIFICA%20DEL%20CORPO%C2%A0%20DOCENTE%0D%0ADirettore%20della%20Scuola%0D%0A%C3%88%20nominato%20dal%20Comitato%20Direttivo%20del%20GITIM%20e%20presiede%20il%20Consiglio%20Direttivo%20della%20Scuola.%20Definisce%20il%20calendario%20delle%20lezioni%2C%20dei%20seminari%20e%20dei%20tirocini.%20Conferisce%20gli%20incarichi%20ai%20Docenti%20e%20ai%20terapeuti%20ITP%20del%20GITIM%20impegnati%20nella%20Formazione%20Personale%20degli%20allievi.%0D%0AConsiglio%20Direttivo%20della%20Scuola%0D%0A%C3%88%20nominato%20dal%20Comitato\" target=\"_blank\" rel=\"noopener noreferrer\" title=\"LinkedIn\" aria-label=\"LinkedIn\" data-placement=\"top\" data-toggle=\"tooltip\" data-title=\"LinkedIn\"><i class=\"fusion-social-network-icon fusion-tooltip fusion-linkedin awb-icon-linkedin\" style=\"color:#ffffff;background-color:#0077b5;border-color:#0077b5;border-radius:4px;\" aria-hidden=\"true\"><\/i><\/a><\/span><span><a href=\"https:\/\/api.whatsapp.com\/send?text=https%3A%2F%2Fwww.gitim.eu%2Fit%2Fcorpo-docente.html\" target=\"_blank\" rel=\"noopener noreferrer\" title=\"WhatsApp\" aria-label=\"WhatsApp\" data-placement=\"top\" data-toggle=\"tooltip\" data-title=\"WhatsApp\"><i class=\"fusion-social-network-icon fusion-tooltip fusion-whatsapp awb-icon-whatsapp\" style=\"color:#ffffff;background-color:#77e878;border-color:#77e878;border-radius:4px;\" aria-hidden=\"true\"><\/i><\/a><\/span><span><a href=\"https:\/\/pinterest.com\/pin\/create\/button\/?url=https%3A%2F%2Fwww.gitim.eu%2Fit%2Fcorpo-docente.html&amp;description=COMPOSIZIONE%2C%20ORGANIZZAZIONE%20E%20QUALIFICA%20DEL%20CORPO%C2%A0%20DOCENTE%0D%0ADirettore%20della%20Scuola%0D%0A%C3%88%20nominato%20dal%20Comitato%20Direttivo%20del%20GITIM%20e%20presiede%20il%20Consiglio%20Direttivo%20della%20Scuola.%20Definisce%20il%20calendario%20delle%20lezioni%2C%20dei%20seminari%20e%20dei%20tirocini.%20Conferisce%20gli%20incarichi%20ai%20Docenti%20e%20ai%20terapeuti%20ITP%20del%20GITIM%20impegnati%20nella%20Formazione%20Personale%20degli%20allievi.%0D%0AConsiglio%20Direttivo%20della%20Scuola%0D%0A%C3%88%20nominato%20dal%20Comitato&amp;media=\" target=\"_blank\" rel=\"noopener noreferrer\" title=\"Pinterest\" aria-label=\"Pinterest\" data-placement=\"top\" data-toggle=\"tooltip\" data-title=\"Pinterest\"><i class=\"fusion-social-network-icon fusion-tooltip fusion-pinterest awb-icon-pinterest\" style=\"color:#ffffff;background-color:#bd081c;border-color:#bd081c;border-radius:4px;\" aria-hidden=\"true\"><\/i><\/a><\/span><span><a href=\"mailto:?subject=Corpo%20Docente&amp;body=https%3A%2F%2Fwww.gitim.eu%2Fit%2Fcorpo-docente.html\" target=\"_self\" title=\"Email\" aria-label=\"Email\" data-placement=\"top\" data-toggle=\"tooltip\" data-title=\"Email\"><i class=\"fusion-social-network-icon fusion-tooltip fusion-mail awb-icon-mail\" style=\"color:#ffffff;background-color:#000000;border-color:#000000;border-radius:4px;\" aria-hidden=\"true\"><\/i><\/a><\/span><\/div><\/div><div class=\"fusion-clearfix\"><\/div><\/div><\/div><div class=\"fusion-layout-column fusion_builder_column fusion-builder-column-1 fusion_builder_column_1_3 1_3 fusion-one-third fusion-column-last\" style=\"--awb-padding-top:7%;--awb-padding-right:7%;--awb-padding-bottom:7%;--awb-padding-left:7%;--awb-bg-color:#faf9f8;--awb-bg-color-hover:#faf9f8;--awb-bg-size:cover;width:33.333333333333%;width:calc(33.333333333333% - ( ( 5% ) * 0.33333333333333 ) );\"><div class=\"fusion-column-wrapper fusion-flex-column-wrapper-legacy\"><div class=\"fusion-widget-area awb-widget-area-element fusion-widget-area-1 fusion-content-widget-area\" style=\"--awb-title-size:18px;--awb-title-color:#333c4e;--awb-padding:0px 0px 0px 0px;\"><section id=\"text-23\" class=\"widget widget_text\"><div class=\"heading\"><h4 class=\"widget-title\">SCUOLA PSICOTERAPICA<\/h4><\/div>\t\t\t<div class=\"textwidget\"><p><strong>Corso Quadriennale<\/strong> di Formazione in Psicoterapia con le Tecniche Immaginative di Analisi e Ristrutturazione del Profondo<\/p>\n<p>Riconosciuto dal <strong>MURST<\/strong> con decreto del 3\/4\/03 Gazzetta Ufficiale n.96 del 26\/4\/03<\/p>\n<\/div>\n\t\t<\/section><section id=\"block-11\" class=\"widget widget_block\" style=\"border-style: solid;border-color:transparent;border-width:0px;\"><p><strong>Newsletter<\/strong><\/p>\r\n<p>Volete essere sempre informati su corsi, eventi e tutte le attivit&agrave; del Gitim? Iscrivetevi alla Newsletter!<br \/>Riceverete nella vostra email tutti gli aggiornamenti in tempo reale delle nostre iniziative:<\/p>\r\n<form accept-charset=\"UTF-8\" action=\"https:\/\/pendolino470.voxmail.it\/user\/register\" method=\"post\">\r\n<div class=\"form-item form-item-textfield\"><label>Nome: <\/label><br \/><input class=\"form-text\" maxlength=\"255\" name=\"profile_name\" type=\"text\" value=\"\" \/><\/div>\r\n<div class=\"form-item form-item-textfield\"><label>Cognome: <\/label><br \/><input class=\"form-text\" maxlength=\"255\" name=\"profile_surname\" type=\"text\" value=\"\" \/><\/div>\r\n<div class=\"form-item form-item-textfield\"><label>Professione: <\/label><br \/><input class=\"form-text\" maxlength=\"255\" name=\"profile_professione\" type=\"text\" value=\"\" \/><\/div>\r\n<div class=\"form-item form-item-textfield\"><label>Indirizzo email: <\/label><br \/><input class=\"form-text required\" maxlength=\"64\" name=\"mail\" type=\"text\" value=\"\" \/><\/div>\r\n  <div class=\"privacy_policy\">Leggi la <a href=\"https:\/\/gitim.eu\/it\/privacy-policy-newsletter\" target=\"_blank\" rel=\"noopener\"><u>privacy policy<\/u><\/a><\/div>\r\n<div class=\"form-item form-item-checkbox\"><input class=\"form-checkbox has-sibling-label\" name=\"privacy\" type=\"checkbox\" value=\"1\" \/><label class=\"option\" for=\"\">Accetto la privacy policy<\/label>\r\n<p>&nbsp;<\/p>\r\n<div class=\"description\">Acconsento al trattamento dei miei dati personali (Regolamento 2016\/679 - GDPR e d.lgs. n.196 del 30\/6\/2003)<\/div>\r\n<\/div>\r\n<p><input class=\"form-submit wpcf7-submit\" name=\"submit\" type=\"submit\" value=\"Iscriviti\" \/><br \/><input name=\"form_id\" type=\"hidden\" value=\"user_register\" \/><\/p>\r\n<\/form><\/section><div class=\"fusion-additional-widget-content\"><\/div><\/div><div class=\"fusion-clearfix\"><\/div><\/div><\/div><\/div><\/div><\/p>\n","protected":false},"excerpt":{"rendered":"","protected":false},"author":7,"featured_media":1510,"comment_status":"open","ping_status":"open","sticky":false,"template":"","format":"standard","meta":[],"categories":[3],"tags":[],"_links":{"self":[{"href":"https:\/\/www.gitim.eu\/it\/wp-json\/wp\/v2\/posts\/392"}],"collection":[{"href":"https:\/\/www.gitim.eu\/it\/wp-json\/wp\/v2\/posts"}],"about":[{"href":"https:\/\/www.gitim.eu\/it\/wp-json\/wp\/v2\/types\/post"}],"author":[{"embeddable":true,"href":"https:\/\/www.gitim.eu\/it\/wp-json\/wp\/v2\/users\/7"}],"replies":[{"embeddable":true,"href":"https:\/\/www.gitim.eu\/it\/wp-json\/wp\/v2\/comments?post=392"}],"version-history":[{"count":9,"href":"https:\/\/www.gitim.eu\/it\/wp-json\/wp\/v2\/posts\/392\/revisions"}],"predecessor-version":[{"id":2024,"href":"https:\/\/www.gitim.eu\/it\/wp-json\/wp\/v2\/posts\/392\/revisions\/2024"}],"wp:featuredmedia":[{"embeddable":true,"href":"https:\/\/www.gitim.eu\/it\/wp-json\/wp\/v2\/media\/1510"}],"wp:attachment":[{"href":"https:\/\/www.gitim.eu\/it\/wp-json\/wp\/v2\/media?parent=392"}],"wp:term":[{"taxonomy":"category","embeddable":true,"href":"https:\/\/www.gitim.eu\/it\/wp-json\/wp\/v2\/categories?post=392"},{"taxonomy":"post_tag","embeddable":true,"href":"https:\/\/www.gitim.eu\/it\/wp-json\/wp\/v2\/tags?post=392"}],"curies":[{"name":"wp","href":"https:\/\/api.w.org\/{rel}","templated":true}]}}