{"id":4404,"date":"2023-02-13T17:55:55","date_gmt":"2023-02-13T16:55:55","guid":{"rendered":"https:\/\/gitim.eu\/it\/?p=4404"},"modified":"2023-07-06T18:16:31","modified_gmt":"2023-07-06T16:16:31","slug":"newsletter-n-10-presentazione-corso-biennale-itp","status":"publish","type":"post","link":"https:\/\/www.gitim.eu\/it\/newsletter-n-10-presentazione-corso-biennale-itp.html","title":{"rendered":"NEWSLETTER N\u00b0 4 &#8211; Presentazione Corso Biennale ITP"},"content":{"rendered":"<p>Gentile Collega, con la presente siamo ad invitarti all&#8217;incontro di presentazione del Corso biennale sulla Tecnica Immaginativa ITP, che si svolger\u00e0 gioved\u00ec 16 febbraio alle 20.30 in modalit\u00e0 videoconferenza interattiva ZOOM.<br \/>\nL&#8217;incontro \u00e8 gratuito e non comporta nessun impegno da parte dei partecipanti, \u00e8 obbligatoria per\u00f2 l&#8217;iscrizione inviando mail a\u00a0<a href=\"mailto:info@gitim.it\" target=\"_blank\" rel=\"noopener\">info@gitim.it<\/a><u><\/u><u><\/u><\/p>\n<p>\u00c8 possibile iscriversi al biennio o solo al primo anno di corso (clicca\u00a0<a href=\"http:\/\/www.gitim.it\/corso-biennale-sulla-tecnica-immaginativa-itp-20232024.html\" target=\"_blank\" rel=\"noopener\" data-saferedirecturl=\"https:\/\/www.google.com\/url?q=http:\/\/www.gitim.it\/corso-biennale-sulla-tecnica-immaginativa-itp-20232024.html&amp;source=gmail&amp;ust=1688745375126000&amp;usg=AOvVaw0gJmPGb3eZQ8uOetnbPi92\">qui<\/a>)<u><\/u><u><\/u><\/p>\n<p>Per ogni ulteriore informazione scrivi a\u00a0<a href=\"mailto:info@gitim.it\" target=\"_blank\" rel=\"noopener\">info@gitim.it<\/a>, tel 338 7811259.<u><\/u><u><\/u><\/p>\n<p>Se ritieni che questo invito posso interessare a qualche tuo collega o collaboratore, inoltrargli questo messaggio, grazie.<u><\/u><u><\/u><\/p>\n<p>In attesa di incontrarti prossimamente, ti porgiamo i nostri pi\u00f9 cordiali saluti<\/p>\n<p><a href=\"https:\/\/gitim.eu\/it\/wp-content\/uploads\/2022\/02\/2022_bigenitorialita.jpg\"><img class=\"alignnone size-full wp-image-4422\" src=\"https:\/\/gitim.eu\/it\/wp-content\/uploads\/2022\/02\/2022_bigenitorialita.jpg\" alt=\"\" width=\"600\" height=\"442\" srcset=\"https:\/\/www.gitim.eu\/it\/wp-content\/uploads\/2022\/02\/2022_bigenitorialita-200x147.jpg 200w, https:\/\/www.gitim.eu\/it\/wp-content\/uploads\/2022\/02\/2022_bigenitorialita-300x221.jpg 300w, https:\/\/www.gitim.eu\/it\/wp-content\/uploads\/2022\/02\/2022_bigenitorialita-400x295.jpg 400w, https:\/\/www.gitim.eu\/it\/wp-content\/uploads\/2022\/02\/2022_bigenitorialita.jpg 600w\" sizes=\"(max-width: 600px) 100vw, 600px\" \/><\/a><\/p>\n","protected":false},"excerpt":{"rendered":"<p>Gentile Collega, con la presente siamo ad invitarti all&#8217;incontro di presentazione del Corso biennale sulla Tecnica Immaginativa ITP, che si svolger\u00e0 gioved\u00ec 16 febbraio alle 20.30 in modalit\u00e0 videoconferenza interattiva ZOOM. L&#8217;incontro \u00e8 gratuito e non comporta nessun impegno da parte dei partecipanti, \u00e8 obbligatoria per\u00f2 l&#8217;iscrizione inviando mail a\u00a0info@gitim.it [&hellip;]<\/p>\n","protected":false},"author":7,"featured_media":0,"comment_status":"closed","ping_status":"open","sticky":false,"template":"","format":"standard","meta":[],"categories":[86],"tags":[],"_links":{"self":[{"href":"https:\/\/www.gitim.eu\/it\/wp-json\/wp\/v2\/posts\/4404"}],"collection":[{"href":"https:\/\/www.gitim.eu\/it\/wp-json\/wp\/v2\/posts"}],"about":[{"href":"https:\/\/www.gitim.eu\/it\/wp-json\/wp\/v2\/types\/post"}],"author":[{"embeddable":true,"href":"https:\/\/www.gitim.eu\/it\/wp-json\/wp\/v2\/users\/7"}],"replies":[{"embeddable":true,"href":"https:\/\/www.gitim.eu\/it\/wp-json\/wp\/v2\/comments?post=4404"}],"version-history":[{"count":4,"href":"https:\/\/www.gitim.eu\/it\/wp-json\/wp\/v2\/posts\/4404\/revisions"}],"predecessor-version":[{"id":4428,"href":"https:\/\/www.gitim.eu\/it\/wp-json\/wp\/v2\/posts\/4404\/revisions\/4428"}],"wp:attachment":[{"href":"https:\/\/www.gitim.eu\/it\/wp-json\/wp\/v2\/media?parent=4404"}],"wp:term":[{"taxonomy":"category","embeddable":true,"href":"https:\/\/www.gitim.eu\/it\/wp-json\/wp\/v2\/categories?post=4404"},{"taxonomy":"post_tag","embeddable":true,"href":"https:\/\/www.gitim.eu\/it\/wp-json\/wp\/v2\/tags?post=4404"}],"curies":[{"name":"wp","href":"https:\/\/api.w.org\/{rel}","templated":true}]}}