{"id":4410,"date":"2022-02-23T18:02:11","date_gmt":"2022-02-23T17:02:11","guid":{"rendered":"https:\/\/gitim.eu\/it\/?p=4410"},"modified":"2023-07-06T18:14:10","modified_gmt":"2023-07-06T16:14:10","slug":"newsletter-n-2-la-bigenitorialita-tra-psicologia-immaginario-e-diritto","status":"publish","type":"post","link":"https:\/\/www.gitim.eu\/it\/newsletter-n-2-la-bigenitorialita-tra-psicologia-immaginario-e-diritto.html","title":{"rendered":"NEWSLETTER N\u00b0 1 &#8211; La Bigenitorialit\u00e0 tra psicologia, immaginario e diritto"},"content":{"rendered":"<p><a href=\"https:\/\/gitim.eu\/it\/wp-content\/uploads\/2022\/02\/2022_bigenitorialita.jpg\"><img class=\"alignnone size-full wp-image-4422\" src=\"https:\/\/gitim.eu\/it\/wp-content\/uploads\/2022\/02\/2022_bigenitorialita.jpg\" alt=\"\" width=\"600\" height=\"442\" srcset=\"https:\/\/www.gitim.eu\/it\/wp-content\/uploads\/2022\/02\/2022_bigenitorialita-200x147.jpg 200w, https:\/\/www.gitim.eu\/it\/wp-content\/uploads\/2022\/02\/2022_bigenitorialita-300x221.jpg 300w, https:\/\/www.gitim.eu\/it\/wp-content\/uploads\/2022\/02\/2022_bigenitorialita-400x295.jpg 400w, https:\/\/www.gitim.eu\/it\/wp-content\/uploads\/2022\/02\/2022_bigenitorialita.jpg 600w\" sizes=\"(max-width: 600px) 100vw, 600px\" \/><\/a><\/p>\n<p><strong><u>La Bigenitorialit\u00e0 tra Psicologia, Immaginario e Diritto<\/u><\/strong><u><\/u><u><\/u><\/p>\n<p>Il seminario \u00e8 rivolto a Psicologi, Psicoterapeuti, Medici, Neuropsichiatri, Mediatori Familiari, Professionisti nell&#8217;ambito giuridico (CTU, CTP, Coordinatori Genitoriali).<u><\/u><u><\/u><\/p>\n<p>All&#8217;evento sono stati assegnati 3,9 Crediti ECM per Psicologi, Medici-Psicoterapeuti, Neuropsichiatri e Psichiatri<strong>.<\/strong><u><\/u><u><\/u><\/p>\n<p><strong>Il seminario affronta il tema della genitorialit\u00e0 e della bigenitorialit\u00e0, nei suoi vari e molteplici risvolti psicologici innanzitutto, ma con uno sguardo al diritto che entra in gioco nelle situazioni conflittuali e particolarmente difficili. L&#8217;approfondimento, utile a chi lavora in vario modo nel contesto delle relazioni genitori-figli, intende affrontare le ripercussioni del conflitto e la necessit\u00e0 dell&#8217;ascolto autentico ai bisogni dei figli. Verr\u00e0 presentato il &#8220;Family System Test&#8221;, un utile strumento che consente di analizzare le relazioni familiari.<\/strong><u><\/u><u><\/u><\/p>\n<p><strong>\u00a0<\/strong><u><\/u><u><\/u><\/p>\n<p><strong>Programma<\/strong><u><\/u><u><\/u><\/p>\n<p>9.00 \u2013 Inizio dei lavori<u><\/u><u><\/u><\/p>\n<p>9.15 \u2013 Prof.ssa Tiziana MAGRO<u><\/u><u><\/u><\/p>\n<p><em><b>LA BIGENITORIALIT\u00c0 TRA PSICOLOGIA E DIRITTO<\/b><\/em><u><\/u><u><\/u><\/p>\n<p>Ore 10.15 \u2013 Dott.ssa Ivana ZANETTI<u><\/u><u><\/u><\/p>\n<p><em><b>LA GENITORIALIT\u00c0: IL MATERNO E IL PATERNO<\/b><\/em><u><\/u><u><\/u><\/p>\n<p>Ore 11.00 \u2013 Pausa<u><\/u><u><\/u><\/p>\n<p>11.15 \u2013 Dott. Manuel MARCON<u><\/u><u><\/u><\/p>\n<p><em><b>BIGENITORIALIT\u00c0 E CONFLITTO<\/b><\/em><u><\/u><u><\/u><\/p>\n<p>11.45 \u2013 Dott.ssa Miriam LUTZU<u><\/u><u><\/u><\/p>\n<p><em><b>IL FAST: TEST DEL SISTEMA FAMILIARE<\/b><\/em><u><\/u><u><\/u><\/p>\n<p>12.45 \u2013 Discussione e chiusura dei lavori<u><\/u><u><\/u><\/p>\n<p>&nbsp;<\/p>\n<p><strong>Costo: 40 euro<\/strong><u><\/u><u><\/u><\/p>\n<p><strong>Iscrizione su\u00a0<\/strong><a href=\"http:\/\/www.gitim.it\/\" target=\"_blank\" rel=\"noopener\" data-saferedirecturl=\"https:\/\/www.google.com\/url?q=http:\/\/www.gitim.it&amp;source=gmail&amp;ust=1688745375096000&amp;usg=AOvVaw028zo5LABMJEl8d9q33dzT\">www.gitim.it<\/a><strong>\u00a0\u00a0\u00a0\u00a0\u00a0<\/strong><u><\/u><u><\/u><\/p>\n<p><strong>Per Info: \u00a0<\/strong><a href=\"mailto:info@gitim.it\" target=\"_blank\" rel=\"noopener\">info@gitim.it<\/a><strong>\u00a0\u00a0, 338 7811259<\/strong><u><\/u><u><\/u><\/p>\n<p><strong>\u00a0<\/strong><u><\/u><u><\/u><\/p>\n<p><strong>Relazioni<\/strong><u><\/u><u><\/u><\/p>\n<p>Prof.ssa Tiziana MAGRO:\u00a0<strong>&#8220;LA BIGENITORIALIT\u00c0 TRA PSICOLOGIA E DIRITTO&#8221;<\/strong><u><\/u><u><\/u><\/p>\n<p>Nell&#8217;intervento verr\u00e0 fatta una disamina del concetto della bigenitorialit\u00e0 dal punto di vista psicologico e dal punto di vista del diritto. Verranno illustrate le principali teorie relative alla bigenitorialit\u00e0 evidenziando l&#8217;importanza del ruolo e della funzione paterna e materna.<u><\/u><u><\/u><\/p>\n<p>Dott.ssa Ivana ZANETTI:\u00a0<strong>&#8220;LA GENITORIALIT\u00c0: IL MATERNO E IL PATERNO&#8221;<\/strong><u><\/u><u><\/u><\/p>\n<p>Nell&#8217;intervento si far\u00e0 riferimento ai fondamenti archetipici e alla dinamica della genitorialit\u00e0 materna e paterna decisiva per lo sviluppo del bambino. La funzione genitoriale in un contesto di ascolto autentico dei bisogni dei figli che consenta la loro crescita psicologica.<u><\/u><u><\/u><\/p>\n<p>Il Dott. Manuel MARCON:\u00a0<strong>&#8220;BIGENITORIALIT\u00c0 E CONFLITTO&#8221;<\/strong><u><\/u><u><\/u><\/p>\n<p>Nell&#8217;intervento si cercher\u00e0 di approfondire e di analizzare il conflitto della coppia genitoriale e le sue ripercussioni sul piano della bigenitorialit\u00e0, non solo nel contesto separativo ma anche all&#8217;interno del percorso psicoterapico ovvero nella prospettiva e nella ricaduta sui figli.<u><\/u><u><\/u><\/p>\n<p>Dott.ssa Miriam LUTZU:\u00a0<strong>&#8220;IL FAST: FAMILY SYSTEM TEST&#8221;<\/strong><u><\/u><u><\/u><\/p>\n<p>L&#8217;intervento presenta uno strumento diagnostico relazionale: il\u00a0<em>Family System Test.\u00a0<\/em>Il FAST \u00e8 un test proiettivo, attraverso il posizionamento di figure, che si basa sulla teoria sistemica strutturale di Minuchin. Lo strumento consente: di acquisire informazioni circa la percezione di un soggetto delle relazioni familiari in una situazione tipica, ideale e di conflitto; di approfondire le caratteristiche strutturali della famiglia (il legame emotivo che intercorre tra i membri, i ruoli\/piani generazionali, le alleanze\/coalizioni) e il grado di flessibilit\u00e0, in senso prognostico, utile a predisporre un piano di trattamento. Il FAST \u00e8 utilizzabile con adulti e bambini, in forma individuale o di gruppo, in ambito clinico, giuridico e di ricerca.<u><\/u><u><\/u><\/p>\n<p>&nbsp;<\/p>\n<p><strong>Relatori<\/strong><u><\/u><u><\/u><\/p>\n<p><strong>Prof.ssa Tiziana MAGRO<\/strong><u><\/u><u><\/u><\/p>\n<p>Psicologa, Psicoterapeuta, Psicopedagogista, Docente Master di Psicopatologia e Neuropsicologia Forense Universit\u00e0 di Padova, Docente Master di Psichiatria Forense dell&#8217;Et\u00e0 Evolutiva Universit\u00e0 La Sapienza di Roma, Docente di Psicologia Generale Istituto Universitario Salesiano di Venezia.<u><\/u><u><\/u><\/p>\n<p><strong>Dott.ssa Ivana ZANETTI<\/strong><u><\/u><u><\/u><\/p>\n<p>Psicologa, Psicoterapeuta con la Tecnica Immaginativa ITP, Mediatrice Familiare, Presidente GITIM, Direttore della Scuola di Specializzazione in Psicoterapia ITP, Docente in corsi di formazione di Psicoterapia.<u><\/u><u><\/u><\/p>\n<p><strong>Il Dott. Manuel MARCON<\/strong><u><\/u><u><\/u><\/p>\n<p>Psicologo, Psicoterapeuta, Neuropsicologo, Psicologo Forense, Facilitatore Genitoriale e Coordinatore Genitoriale.<u><\/u><u><\/u><\/p>\n<p><strong>Dott.ssa Miriam LUTZU<\/strong><u><\/u><u><\/u><\/p>\n<p>Psicologa giuridica, Psicoterapeuta sistemico-relazionale, Formata negli interventi sull&#8217;alta conflittualit\u00e0 familiare e sul trattamento dei disturbi alimentari, Esperto presso il Tribunale di Sorveglianza, Docente universitario presso l&#8217;Istituto Universitario Salesiano di Verona (IUSVE) e presso il Master in Neuropsicologia e Psicopatologia forense dell&#8217;Universit\u00e0 degli Studi di Padova.<\/p>\n","protected":false},"excerpt":{"rendered":"<p>La Bigenitorialit\u00e0 tra Psicologia, Immaginario e Diritto Il seminario \u00e8 rivolto a Psicologi, Psicoterapeuti, Medici, Neuropsichiatri, Mediatori Familiari, Professionisti nell&#8217;ambito giuridico (CTU, CTP, Coordinatori Genitoriali). All&#8217;evento sono stati assegnati 3,9 Crediti ECM per Psicologi, Medici-Psicoterapeuti, Neuropsichiatri e Psichiatri. Il seminario affronta il tema della genitorialit\u00e0 e della bigenitorialit\u00e0, nei suoi [&hellip;]<\/p>\n","protected":false},"author":7,"featured_media":0,"comment_status":"closed","ping_status":"open","sticky":false,"template":"","format":"standard","meta":[],"categories":[86],"tags":[],"_links":{"self":[{"href":"https:\/\/www.gitim.eu\/it\/wp-json\/wp\/v2\/posts\/4410"}],"collection":[{"href":"https:\/\/www.gitim.eu\/it\/wp-json\/wp\/v2\/posts"}],"about":[{"href":"https:\/\/www.gitim.eu\/it\/wp-json\/wp\/v2\/types\/post"}],"author":[{"embeddable":true,"href":"https:\/\/www.gitim.eu\/it\/wp-json\/wp\/v2\/users\/7"}],"replies":[{"embeddable":true,"href":"https:\/\/www.gitim.eu\/it\/wp-json\/wp\/v2\/comments?post=4410"}],"version-history":[{"count":3,"href":"https:\/\/www.gitim.eu\/it\/wp-json\/wp\/v2\/posts\/4410\/revisions"}],"predecessor-version":[{"id":4425,"href":"https:\/\/www.gitim.eu\/it\/wp-json\/wp\/v2\/posts\/4410\/revisions\/4425"}],"wp:attachment":[{"href":"https:\/\/www.gitim.eu\/it\/wp-json\/wp\/v2\/media?parent=4410"}],"wp:term":[{"taxonomy":"category","embeddable":true,"href":"https:\/\/www.gitim.eu\/it\/wp-json\/wp\/v2\/categories?post=4410"},{"taxonomy":"post_tag","embeddable":true,"href":"https:\/\/www.gitim.eu\/it\/wp-json\/wp\/v2\/tags?post=4410"}],"curies":[{"name":"wp","href":"https:\/\/api.w.org\/{rel}","templated":true}]}}