{"id":4419,"date":"2022-06-20T18:09:33","date_gmt":"2022-06-20T16:09:33","guid":{"rendered":"https:\/\/gitim.eu\/it\/?p=4419"},"modified":"2023-07-06T18:11:34","modified_gmt":"2023-07-06T16:11:34","slug":"newsletter-n-3-open-day-30-giugno-2022","status":"publish","type":"post","link":"https:\/\/www.gitim.eu\/it\/newsletter-n-3-open-day-30-giugno-2022.html","title":{"rendered":"NEWSLETTER N\u00b0 3 &#8211; Open Day 30 Giugno 2022"},"content":{"rendered":"<p>Gentile Collega,<\/p>\n<p>con la presente siamo ad invitarti all&#8217;Open Day sulla Tecnica Immaginativa ITP e la Scuola di Psicoterapia ITP che si svolger\u00e0 gioved\u00ec 30 Giugno dalle 20.45 alle 22.00 in modalit\u00e0 videoconferenza interattiva ZOOM.<br \/>\n<strong>L&#8217;incontro \u00e8 gratuito<\/strong>\u00a0e non comporta nessun impegno da parte dei partecipanti, \u00e8 obbligatoria per\u00f2\u00a0<strong>l&#8217;iscrizione<\/strong>\u00a0inviando la mail a\u00a0<strong><a href=\"mailto:info@gitim.it\" target=\"_blank\" rel=\"noopener\">info@gitim.it<\/a><\/strong><u><\/u><u><\/u><\/p>\n<p>Se ritieni che questo invito posso interessare a qualche tuo collega o collaboratore, inoltrargli questo messaggio, grazie.<u><\/u><u><\/u><\/p>\n<p>In attesa di incontrarti prossimamente, ti porgiamo i nostri pi\u00f9 cordiali saluti<\/p>\n<p><a href=\"https:\/\/gitim.eu\/it\/wp-content\/uploads\/2023\/07\/2022_openday_30giugno.jpg\"><img class=\"alignnone size-full wp-image-4420\" src=\"https:\/\/gitim.eu\/it\/wp-content\/uploads\/2023\/07\/2022_openday_30giugno.jpg\" alt=\"\" width=\"593\" height=\"845\" srcset=\"https:\/\/www.gitim.eu\/it\/wp-content\/uploads\/2023\/07\/2022_openday_30giugno-200x285.jpg 200w, https:\/\/www.gitim.eu\/it\/wp-content\/uploads\/2023\/07\/2022_openday_30giugno-211x300.jpg 211w, https:\/\/www.gitim.eu\/it\/wp-content\/uploads\/2023\/07\/2022_openday_30giugno-400x570.jpg 400w, https:\/\/www.gitim.eu\/it\/wp-content\/uploads\/2023\/07\/2022_openday_30giugno.jpg 593w\" sizes=\"(max-width: 593px) 100vw, 593px\" \/><\/a><\/p>\n","protected":false},"excerpt":{"rendered":"<p>Gentile Collega, con la presente siamo ad invitarti all&#8217;Open Day sulla Tecnica Immaginativa ITP e la Scuola di Psicoterapia ITP che si svolger\u00e0 gioved\u00ec 30 Giugno dalle 20.45 alle 22.00 in modalit\u00e0 videoconferenza interattiva ZOOM. L&#8217;incontro \u00e8 gratuito\u00a0e non comporta nessun impegno da parte dei partecipanti, \u00e8 obbligatoria per\u00f2\u00a0l&#8217;iscrizione\u00a0inviando la [&hellip;]<\/p>\n","protected":false},"author":7,"featured_media":0,"comment_status":"closed","ping_status":"open","sticky":false,"template":"","format":"standard","meta":[],"categories":[86],"tags":[],"_links":{"self":[{"href":"https:\/\/www.gitim.eu\/it\/wp-json\/wp\/v2\/posts\/4419"}],"collection":[{"href":"https:\/\/www.gitim.eu\/it\/wp-json\/wp\/v2\/posts"}],"about":[{"href":"https:\/\/www.gitim.eu\/it\/wp-json\/wp\/v2\/types\/post"}],"author":[{"embeddable":true,"href":"https:\/\/www.gitim.eu\/it\/wp-json\/wp\/v2\/users\/7"}],"replies":[{"embeddable":true,"href":"https:\/\/www.gitim.eu\/it\/wp-json\/wp\/v2\/comments?post=4419"}],"version-history":[{"count":1,"href":"https:\/\/www.gitim.eu\/it\/wp-json\/wp\/v2\/posts\/4419\/revisions"}],"predecessor-version":[{"id":4421,"href":"https:\/\/www.gitim.eu\/it\/wp-json\/wp\/v2\/posts\/4419\/revisions\/4421"}],"wp:attachment":[{"href":"https:\/\/www.gitim.eu\/it\/wp-json\/wp\/v2\/media?parent=4419"}],"wp:term":[{"taxonomy":"category","embeddable":true,"href":"https:\/\/www.gitim.eu\/it\/wp-json\/wp\/v2\/categories?post=4419"},{"taxonomy":"post_tag","embeddable":true,"href":"https:\/\/www.gitim.eu\/it\/wp-json\/wp\/v2\/tags?post=4419"}],"curies":[{"name":"wp","href":"https:\/\/api.w.org\/{rel}","templated":true}]}}